{"id":536,"date":"2020-09-15T22:43:59","date_gmt":"2020-09-15T22:43:59","guid":{"rendered":"https:\/\/www.fundacionhogarsanjuan.org\/?p=536"},"modified":"2020-09-15T23:03:40","modified_gmt":"2020-09-15T23:03:40","slug":"eucaristia-por-el-x-aniversario-del-hogar-san-juan","status":"publish","type":"post","link":"https:\/\/www.fundacionhogarsanjuan.org\/?p=536","title":{"rendered":"Eucarist\u00eda por el X aniversario del Hogar San Juan"},"content":{"rendered":"<p>El pasado 11 de septiembre se celebr\u00f3 en la Capilla del Hogar San Juan una Eucarist\u00eda con la que se celebr\u00f3 el X aniversario de la creaci\u00f3n del Hogar presidida por el Administrador Apost\u00f3lico de Asidonia-Jerez, D. Jos\u00e9 Mazuelos.<\/p>\n<p>&nbsp;<\/p>\n<p style=\"text-align: center;\"><iframe loading=\"lazy\" src=\"https:\/\/www.youtube.com\/embed\/mcPL6x4Vg5M\" width=\"560\" height=\"315\" frameborder=\"0\" allowfullscreen=\"allowfullscreen\"><\/iframe><\/p>\n<p style=\"text-align: center;\">Fuente: Di\u00f3cesis de Asidonia Jerez<\/p>\n","protected":false},"excerpt":{"rendered":"<p>El pasado 11 de septiembre se celebr\u00f3 en la Capilla del Hogar San Juan una Eucarist\u00eda con la que se celebr\u00f3 el X aniversario de la creaci\u00f3n del Hogar presidida por el Administrador Apost\u00f3lico de Asidonia-Jerez, D. Jos\u00e9 Mazuelos. &nbsp; Fuente: Di\u00f3cesis de Asidonia Jerez<\/p>\n","protected":false},"author":1,"featured_media":543,"comment_status":"closed","ping_status":"closed","sticky":false,"template":"","format":"standard","meta":{"_jetpack_newsletter_access":"","_jetpack_dont_email_post_to_subs":false,"_jetpack_newsletter_tier_id":0,"_jetpack_memberships_contains_paywalled_content":false,"_jetpack_memberships_contains_paid_content":false,"footnotes":"","_links_to":"","_links_to_target":""},"categories":[9],"tags":[],"class_list":["post-536","post","type-post","status-publish","format-standard","has-post-thumbnail","hentry","category-noticias"],"jetpack_sharing_enabled":true,"jetpack_featured_media_url":"https:\/\/www.fundacionhogarsanjuan.org\/wp-content\/uploads\/2020\/09\/Celebracion_Obispo.jpg","_links":{"self":[{"href":"https:\/\/www.fundacionhogarsanjuan.org\/index.php?rest_route=\/wp\/v2\/posts\/536","targetHints":{"allow":["GET"]}}],"collection":[{"href":"https:\/\/www.fundacionhogarsanjuan.org\/index.php?rest_route=\/wp\/v2\/posts"}],"about":[{"href":"https:\/\/www.fundacionhogarsanjuan.org\/index.php?rest_route=\/wp\/v2\/types\/post"}],"author":[{"embeddable":true,"href":"https:\/\/www.fundacionhogarsanjuan.org\/index.php?rest_route=\/wp\/v2\/users\/1"}],"replies":[{"embeddable":true,"href":"https:\/\/www.fundacionhogarsanjuan.org\/index.php?rest_route=%2Fwp%2Fv2%2Fcomments&post=536"}],"version-history":[{"count":2,"href":"https:\/\/www.fundacionhogarsanjuan.org\/index.php?rest_route=\/wp\/v2\/posts\/536\/revisions"}],"predecessor-version":[{"id":539,"href":"https:\/\/www.fundacionhogarsanjuan.org\/index.php?rest_route=\/wp\/v2\/posts\/536\/revisions\/539"}],"wp:featuredmedia":[{"embeddable":true,"href":"https:\/\/www.fundacionhogarsanjuan.org\/index.php?rest_route=\/wp\/v2\/media\/543"}],"wp:attachment":[{"href":"https:\/\/www.fundacionhogarsanjuan.org\/index.php?rest_route=%2Fwp%2Fv2%2Fmedia&parent=536"}],"wp:term":[{"taxonomy":"category","embeddable":true,"href":"https:\/\/www.fundacionhogarsanjuan.org\/index.php?rest_route=%2Fwp%2Fv2%2Fcategories&post=536"},{"taxonomy":"post_tag","embeddable":true,"href":"https:\/\/www.fundacionhogarsanjuan.org\/index.php?rest_route=%2Fwp%2Fv2%2Ftags&post=536"}],"curies":[{"name":"wp","href":"https:\/\/api.w.org\/{rel}","templated":true}]}}