{"id":2521,"date":"2026-08-28T16:41:44","date_gmt":"2026-08-28T16:41:44","guid":{"rendered":"https:\/\/www.fundacionhogarsanjuan.org\/?p=2521"},"modified":"2026-08-28T16:41:44","modified_gmt":"2026-08-28T16:41:44","slug":"emotiva-despedida-de-la-hermandad-de-la-yedra-al-hno-juan-carlos","status":"publish","type":"post","link":"https:\/\/www.fundacionhogarsanjuan.org\/?p=2521","title":{"rendered":"Emotiva despedida de La Hermandad de la Yedra al Hno. Juan Carlos"},"content":{"rendered":"<p><img loading=\"lazy\" decoding=\"async\" class=\"wp-image-2522 aligncenter\" src=\"https:\/\/www.fundacionhogarsanjuan.org\/wp-content\/uploads\/2026\/08\/articulos-175469.jpg\" alt=\"\" width=\"817\" height=\"544\" srcset=\"https:\/\/www.fundacionhogarsanjuan.org\/wp-content\/uploads\/2026\/08\/articulos-175469.jpg 1200w, https:\/\/www.fundacionhogarsanjuan.org\/wp-content\/uploads\/2026\/08\/articulos-175469-300x200.jpg 300w, https:\/\/www.fundacionhogarsanjuan.org\/wp-content\/uploads\/2026\/08\/articulos-175469-250x166.jpg 250w, https:\/\/www.fundacionhogarsanjuan.org\/wp-content\/uploads\/2026\/08\/articulos-175469-768x511.jpg 768w\" sizes=\"auto, (max-width: 817px) 100vw, 817px\" \/><\/p>\n<p style=\"text-align: justify;\"><span style=\"font-family: arial, helvetica, sans-serif;\">La\u00a0<strong>Hermandad de la Yedra<\/strong>\u00a0ha despedido con emoci\u00f3n al Hermano Juan Carlos Dur\u00e1n, quien hasta hace unos meses estuvo al frente de la\u00a0<strong>Fundaci\u00f3n Hogar San Juan<\/strong>\u00a0y que pr\u00f3ximamente abandonar\u00e1 Jerez para iniciar una nueva etapa en Canarias.\u00a0La despedida tuvo lugar el pasado lunes 24 de agosto, durante una\u00a0<strong>Eucarist\u00eda celebrada en la Capilla de la Yedra<\/strong>, convocada expresamente para agradecer sus a\u00f1os de trabajo en la ciudad y acompa\u00f1arlo antes de emprender su nueva misi\u00f3n. La misa comenz\u00f3 a las 21.00 horas.<\/span><\/p>\n<p style=\"text-align: justify;\"><span style=\"font-family: arial, helvetica, sans-serif;\">El sacerdote continuar\u00e1 su labor en favor de\u00a0<strong>las personas m\u00e1s pobres y excluidas<\/strong>\u00a0en Canarias, junto al que fue obispo de Jerez\u00a0Jos\u00e9 Mazuelos. Tras finalizar la celebraci\u00f3n, el hermano mayor de la Yedra, C\u00e9sar D\u00edaz, le entreg\u00f3 un cuadro de\u00a0<strong>Nuestra Se\u00f1ora de la Esperanza<\/strong>\u00a0para que lo acompa\u00f1e en su nuevo hogar.\u00a0Fue entonces cuando el Hermano Juan Carlos revel\u00f3 uno de sus deseos para esta nueva etapa: que la misi\u00f3n que ahora comienza lleve por nombre &#8216;<strong>Madre de la Esperanza&#8217;<\/strong>.<\/span><\/p>\n<p style=\"text-align: justify;\"><span style=\"font-family: arial, helvetica, sans-serif;\">La corporaci\u00f3n ha recordado adem\u00e1s la estrecha relaci\u00f3n que el religioso ha mantenido durante estos a\u00f1os con la hermandad. Cuando la Yedra no dispon\u00eda de espacio para guardar determinados enseres, Juan Carlos Dur\u00e1n abri\u00f3 las puertas del Hogar San Juan para ayudar a la corporaci\u00f3n.<\/span><\/p>\n<p style=\"text-align: justify;\"><span style=\"font-family: arial, helvetica, sans-serif;\">Aquellas puertas volvieron a abrirse en\u00a0<strong>marzo de 2025<\/strong>, cuando el Se\u00f1or de la Sentencia y la Virgen de la Esperanza estuvieron junto a las personas atendidas en el centro durante la celebraci\u00f3n del hist\u00f3rico Solemne Quinario y con objeto de alcanzar el jubileo.<\/span><\/p>\n<p style=\"text-align: justify;\"><span style=\"font-family: arial, helvetica, sans-serif;\">La Hermandad de la Yedra asegura que Juan Carlos deja\u00a0<strong>\u00abun legado y una huella imborrables en Jerez\u00bb<\/strong>\u00a0y, especialmente, en la propia corporaci\u00f3n. \u00abCon el afecto, cari\u00f1o y admiraci\u00f3n de toda la Hermandad, rogamos a nuestros Sagrados Titulares que le bendigan, protejan e iluminen en esta nueva misi\u00f3n\u00bb, ha expresado.<\/span><\/p>\n<p><a href=\"https:\/\/www.lavozdelsur.es\/ediciones\/jerez\/emotivo-adios-de-la-yedra-al-sacerdote-juan-carlos-duran-del-hogar-san-juan-de-jerez-a-canarias-con-mazuelos.html\"><em><span style=\"font-family: arial, helvetica, sans-serif; font-size: 10pt;\">Fuente de la noticia: La Voz del Sur<\/span><\/em><\/a><\/p>\n","protected":false},"excerpt":{"rendered":"<p>La\u00a0Hermandad de la Yedra\u00a0ha despedido con emoci\u00f3n al Hermano Juan Carlos Dur\u00e1n, quien hasta hace unos meses estuvo al frente de la\u00a0Fundaci\u00f3n Hogar San Juan\u00a0y que pr\u00f3ximamente abandonar\u00e1 Jerez para iniciar una nueva etapa en Canarias.\u00a0La despedida tuvo lugar el pasado lunes 24 de agosto, durante una\u00a0Eucarist\u00eda celebrada en la Capilla de la Yedra, convocada &#8230; <a title=\"Emotiva despedida de La Hermandad de la Yedra al Hno. Juan Carlos\" class=\"read-more\" href=\"https:\/\/www.fundacionhogarsanjuan.org\/?p=2521\" aria-label=\"M\u00e1s en Emotiva despedida de La Hermandad de la Yedra al Hno. Juan Carlos\">Leer m\u00e1s<\/a><\/p>\n","protected":false},"author":1,"featured_media":2522,"comment_status":"closed","ping_status":"closed","sticky":false,"template":"","format":"standard","meta":{"_jetpack_newsletter_access":"","_jetpack_dont_email_post_to_subs":false,"_jetpack_newsletter_tier_id":0,"_jetpack_memberships_contains_paywalled_content":false,"_jetpack_memberships_contains_paid_content":false,"footnotes":"","_links_to":"","_links_to_target":""},"categories":[6],"tags":[],"class_list":["post-2521","post","type-post","status-publish","format-standard","has-post-thumbnail","hentry","category-novedades"],"jetpack_sharing_enabled":true,"jetpack_featured_media_url":"https:\/\/www.fundacionhogarsanjuan.org\/wp-content\/uploads\/2026\/08\/articulos-175469.jpg","_links":{"self":[{"href":"https:\/\/www.fundacionhogarsanjuan.org\/index.php?rest_route=\/wp\/v2\/posts\/2521","targetHints":{"allow":["GET"]}}],"collection":[{"href":"https:\/\/www.fundacionhogarsanjuan.org\/index.php?rest_route=\/wp\/v2\/posts"}],"about":[{"href":"https:\/\/www.fundacionhogarsanjuan.org\/index.php?rest_route=\/wp\/v2\/types\/post"}],"author":[{"embeddable":true,"href":"https:\/\/www.fundacionhogarsanjuan.org\/index.php?rest_route=\/wp\/v2\/users\/1"}],"replies":[{"embeddable":true,"href":"https:\/\/www.fundacionhogarsanjuan.org\/index.php?rest_route=%2Fwp%2Fv2%2Fcomments&post=2521"}],"version-history":[{"count":1,"href":"https:\/\/www.fundacionhogarsanjuan.org\/index.php?rest_route=\/wp\/v2\/posts\/2521\/revisions"}],"predecessor-version":[{"id":2523,"href":"https:\/\/www.fundacionhogarsanjuan.org\/index.php?rest_route=\/wp\/v2\/posts\/2521\/revisions\/2523"}],"wp:featuredmedia":[{"embeddable":true,"href":"https:\/\/www.fundacionhogarsanjuan.org\/index.php?rest_route=\/wp\/v2\/media\/2522"}],"wp:attachment":[{"href":"https:\/\/www.fundacionhogarsanjuan.org\/index.php?rest_route=%2Fwp%2Fv2%2Fmedia&parent=2521"}],"wp:term":[{"taxonomy":"category","embeddable":true,"href":"https:\/\/www.fundacionhogarsanjuan.org\/index.php?rest_route=%2Fwp%2Fv2%2Fcategories&post=2521"},{"taxonomy":"post_tag","embeddable":true,"href":"https:\/\/www.fundacionhogarsanjuan.org\/index.php?rest_route=%2Fwp%2Fv2%2Ftags&post=2521"}],"curies":[{"name":"wp","href":"https:\/\/api.w.org\/{rel}","templated":true}]}}