{"id":2518,"date":"2026-08-21T10:54:08","date_gmt":"2026-08-21T10:54:08","guid":{"rendered":"https:\/\/www.fundacionhogarsanjuan.org\/?p=2518"},"modified":"2026-08-21T10:54:08","modified_gmt":"2026-08-21T10:54:08","slug":"despedida-del-hno-juan-carlos","status":"publish","type":"post","link":"https:\/\/www.fundacionhogarsanjuan.org\/?p=2518","title":{"rendered":"Despedida del Hno. Juan Carlos"},"content":{"rendered":"<p><img loading=\"lazy\" decoding=\"async\" class=\"alignnone  wp-image-2519\" src=\"https:\/\/www.fundacionhogarsanjuan.org\/wp-content\/uploads\/2026\/08\/articulos-173837.jpg\" alt=\"\" width=\"772\" height=\"450\" srcset=\"https:\/\/www.fundacionhogarsanjuan.org\/wp-content\/uploads\/2026\/08\/articulos-173837.jpg 1200w, https:\/\/www.fundacionhogarsanjuan.org\/wp-content\/uploads\/2026\/08\/articulos-173837-300x175.jpg 300w, https:\/\/www.fundacionhogarsanjuan.org\/wp-content\/uploads\/2026\/08\/articulos-173837-250x146.jpg 250w, https:\/\/www.fundacionhogarsanjuan.org\/wp-content\/uploads\/2026\/08\/articulos-173837-768x448.jpg 768w\" sizes=\"auto, (max-width: 772px) 100vw, 772px\" \/><\/p>\n<p style=\"text-align: justify;\"><span style=\"font-family: arial, helvetica, sans-serif;\">Despu\u00e9s de a\u00f1os de trabajo al frente del\u00a0<strong>Hogar San Juan<\/strong>, el Hermano Juan Carlos inicia una nueva etapa lejos de Jerez. Su marcha tendr\u00e1 una despedida especial el pr\u00f3ximo lunes 24 de agosto, cuando la\u00a0<strong>Hermandad de la Yedra<\/strong>\u00a0celebrar\u00e1 una eucarist\u00eda en su capilla para agradecer su labor y acompa\u00f1arlo antes de comenzar su nueva misi\u00f3n.<\/span><\/p>\n<p style=\"text-align: justify;\"><span style=\"font-family: arial, helvetica, sans-serif;\">La misa tendr\u00e1 lugar a las\u00a0<strong>21.00 horas en la Capilla de la Yedra<\/strong>\u00a0y estar\u00e1 dedicada expresamente a quien hasta ahora ha ejercido como director del Hogar San Juan, una instituci\u00f3n vinculada a la atenci\u00f3n de personas que atraviesan situaciones de necesidad.<\/span><\/p>\n<p style=\"text-align: justify;\"><span style=\"font-family: arial, helvetica, sans-serif;\">La propia hermandad ha comunicado la convocatoria a trav\u00e9s de sus redes sociales bajo el mensaje \u00abMisa despedida Hermano Juan Carlos\u00bb, invitando a participar a quienes quieran mostrarle su cari\u00f1o antes de que abandone la ciudad.\u00a0\u00abInformamos que el pr\u00f3ximo lunes 24 de agosto a las 21:00 h. y en nuestra Capilla, se celebrar\u00e1 la Santa Misa que servir\u00e1 de despedida de nuestro querido Hermano Juan Carlos\u00bb, ha se\u00f1alado la corporaci\u00f3n.<\/span><\/p>\n<p style=\"text-align: justify;\"><span style=\"font-family: arial, helvetica, sans-serif;\">La despedida llega despu\u00e9s de que el religioso haya\u00a0<strong>finalizado su etapa como director del Hogar San Juan<\/strong>. En breve emprender\u00e1 una nueva misi\u00f3n fuera de Jerez, aunque su pr\u00f3ximo cometido seguir\u00e1 centrado, seg\u00fan ha explicado la Hermandad de la Yedra, en ayudar a quienes m\u00e1s lo necesitan.<\/span><\/p>\n<p><em><span style=\"font-family: arial, helvetica, sans-serif; font-size: 10pt;\"><a href=\"https:\/\/www.lavozdelsur.es\/ediciones\/jerez\/el-hermano-juan-carlos-se-despide-de-jerez-tras-cerrar-su-etapa-al-frente-del-hogar-san-juan.html\" target=\"_blank\" rel=\"noopener\">Fuente La Voz del Sur<\/a><\/span><\/em><\/p>\n","protected":false},"excerpt":{"rendered":"<p>Despu\u00e9s de a\u00f1os de trabajo al frente del\u00a0Hogar San Juan, el Hermano Juan Carlos inicia una nueva etapa lejos de Jerez. Su marcha tendr\u00e1 una despedida especial el pr\u00f3ximo lunes 24 de agosto, cuando la\u00a0Hermandad de la Yedra\u00a0celebrar\u00e1 una eucarist\u00eda en su capilla para agradecer su labor y acompa\u00f1arlo antes de comenzar su nueva misi\u00f3n. &#8230; <a title=\"Despedida del Hno. Juan Carlos\" class=\"read-more\" href=\"https:\/\/www.fundacionhogarsanjuan.org\/?p=2518\" aria-label=\"M\u00e1s en Despedida del Hno. Juan Carlos\">Leer m\u00e1s<\/a><\/p>\n","protected":false},"author":1,"featured_media":2519,"comment_status":"closed","ping_status":"closed","sticky":false,"template":"","format":"standard","meta":{"_jetpack_newsletter_access":"","_jetpack_dont_email_post_to_subs":false,"_jetpack_newsletter_tier_id":0,"_jetpack_memberships_contains_paywalled_content":false,"_jetpack_memberships_contains_paid_content":false,"footnotes":"","_links_to":"","_links_to_target":""},"categories":[6],"tags":[],"class_list":["post-2518","post","type-post","status-publish","format-standard","has-post-thumbnail","hentry","category-novedades"],"jetpack_sharing_enabled":true,"jetpack_featured_media_url":"https:\/\/www.fundacionhogarsanjuan.org\/wp-content\/uploads\/2026\/08\/articulos-173837.jpg","_links":{"self":[{"href":"https:\/\/www.fundacionhogarsanjuan.org\/index.php?rest_route=\/wp\/v2\/posts\/2518","targetHints":{"allow":["GET"]}}],"collection":[{"href":"https:\/\/www.fundacionhogarsanjuan.org\/index.php?rest_route=\/wp\/v2\/posts"}],"about":[{"href":"https:\/\/www.fundacionhogarsanjuan.org\/index.php?rest_route=\/wp\/v2\/types\/post"}],"author":[{"embeddable":true,"href":"https:\/\/www.fundacionhogarsanjuan.org\/index.php?rest_route=\/wp\/v2\/users\/1"}],"replies":[{"embeddable":true,"href":"https:\/\/www.fundacionhogarsanjuan.org\/index.php?rest_route=%2Fwp%2Fv2%2Fcomments&post=2518"}],"version-history":[{"count":1,"href":"https:\/\/www.fundacionhogarsanjuan.org\/index.php?rest_route=\/wp\/v2\/posts\/2518\/revisions"}],"predecessor-version":[{"id":2520,"href":"https:\/\/www.fundacionhogarsanjuan.org\/index.php?rest_route=\/wp\/v2\/posts\/2518\/revisions\/2520"}],"wp:featuredmedia":[{"embeddable":true,"href":"https:\/\/www.fundacionhogarsanjuan.org\/index.php?rest_route=\/wp\/v2\/media\/2519"}],"wp:attachment":[{"href":"https:\/\/www.fundacionhogarsanjuan.org\/index.php?rest_route=%2Fwp%2Fv2%2Fmedia&parent=2518"}],"wp:term":[{"taxonomy":"category","embeddable":true,"href":"https:\/\/www.fundacionhogarsanjuan.org\/index.php?rest_route=%2Fwp%2Fv2%2Fcategories&post=2518"},{"taxonomy":"post_tag","embeddable":true,"href":"https:\/\/www.fundacionhogarsanjuan.org\/index.php?rest_route=%2Fwp%2Fv2%2Ftags&post=2518"}],"curies":[{"name":"wp","href":"https:\/\/api.w.org\/{rel}","templated":true}]}}