{"id":213,"date":"2020-08-23T17:44:03","date_gmt":"2020-08-23T17:44:03","guid":{"rendered":"https:\/\/www.fundacionhogarsanjuan.org\/?p=213"},"modified":"2020-09-16T09:09:17","modified_gmt":"2020-09-16T09:09:17","slug":"carta-del-santo-padre-dirigida-al-hogar-san-juan","status":"publish","type":"post","link":"https:\/\/www.fundacionhogarsanjuan.org\/?p=213","title":{"rendered":"Carta del Santo Padre dirigida al Hogar San Juan"},"content":{"rendered":"<p><span style=\"font-family: arial, helvetica, sans-serif;\">Compartimos la carta que nos ha escrito el Papa Francisco para la familia del Hogar. Recibimos este privilegio con mucha humildad, es decir, como un gran regalo que se convierte en respuesta nuestra mediante una mayor y mejor entrega a los que nos ha encomendado el Se\u00f1or en la Iglesia. Que este gesto de cari\u00f1o de nuestra madre la Iglesia nos haga crecer en la fraternidad con los humildes y necesitados. GRACIAS, SANTO PADRE.\u00bb<\/span><\/p>\n<p><img loading=\"lazy\" decoding=\"async\" class=\"alignnone wp-image-215\" src=\"https:\/\/www.fundacionhogarsanjuan.org\/wp-content\/uploads\/2020\/08\/carta_papa-218x300.jpg\" alt=\"\" width=\"525\" height=\"722\" \/><\/p>\n<p><span style=\"font-family: arial, helvetica, sans-serif;\">Transcripci\u00f3n del contenido de la Carta:<\/span><\/p>\n<p><span style=\"font-family: arial, helvetica, sans-serif;\"><em>\u00abEstas letras son para expresarte mi agradecimiento por la obra que llevas adelante en favor de hermanos y hermanas que se encuentran en la dif\u00edcil situaci\u00f3n de no tener un techo que los cobije ni una mano amiga que los sostenga y acompa\u00f1e.<\/em><\/span><\/p>\n<p><span style=\"font-family: arial, helvetica, sans-serif;\"><em>El Evangelio nos invita, con las palabras inequ\u00edvocas del Se\u00f1or Jes\u00fas, a salir a su encuentro en todos aquellos que son descartados e ignorados por la sociedad. Seremos testigos cre\u00edbles del amor paciente y misericordioso de Dios s\u00f3lo en la medida en que contrastemos, con un coraz\u00f3n generoso y bien dispuesto hacia quienes m\u00e1s lo necesitan, todo el ego\u00edsmo y la indiferencia que parecen multiplicarse en el mundo actual.<\/em><\/span><\/p>\n<p><span style=\"font-family: arial, helvetica, sans-serif;\"><em>Mientras te encomiendo a ti, a los colaboradores voluntarios y a todos los hu\u00e9spedes del \u201cHogar San Juan\u201d a la protecci\u00f3n de la Madre de Dios y de San Jos\u00e9, los animo a que contin\u00faen recorriendo este camino luminoso de la caridad cristiana, perseverando con alegr\u00eda y confiando siempre en la Providencia divina. Y, por favor, no se olviden de rezar por m\u00ed.<\/em><\/span><\/p>\n<p><span style=\"font-family: arial, helvetica, sans-serif;\"><em>Que el Se\u00f1or los bendiga y la Virgen Santa los cuide.<\/em><\/span><\/p>\n<p><span style=\"font-family: arial, helvetica, sans-serif;\"><em>Fraternalmente,<\/em><\/span><\/p>\n<p><span style=\"font-family: arial, helvetica, sans-serif;\"><em>Francisco\u00bb<\/em><\/span><\/p>\n","protected":false},"excerpt":{"rendered":"<p>Compartimos la carta que nos ha escrito el Papa Francisco para la familia del Hogar. Recibimos este privilegio con mucha humildad, es decir, como un gran regalo que se convierte en respuesta nuestra mediante una mayor y mejor entrega a los que nos ha encomendado el Se\u00f1or en la Iglesia. Que este gesto de cari\u00f1o &#8230; <a title=\"Carta del Santo Padre dirigida al Hogar San Juan\" class=\"read-more\" href=\"https:\/\/www.fundacionhogarsanjuan.org\/?p=213\" aria-label=\"M\u00e1s en Carta del Santo Padre dirigida al Hogar San Juan\">Leer m\u00e1s<\/a><\/p>\n","protected":false},"author":1,"featured_media":545,"comment_status":"closed","ping_status":"closed","sticky":false,"template":"","format":"standard","meta":{"_jetpack_newsletter_access":"","_jetpack_dont_email_post_to_subs":false,"_jetpack_newsletter_tier_id":0,"_jetpack_memberships_contains_paywalled_content":false,"_jetpack_memberships_contains_paid_content":false,"footnotes":"","_links_to":"","_links_to_target":""},"categories":[9],"tags":[],"class_list":["post-213","post","type-post","status-publish","format-standard","has-post-thumbnail","hentry","category-noticias"],"jetpack_sharing_enabled":true,"jetpack_featured_media_url":"https:\/\/www.fundacionhogarsanjuan.org\/wp-content\/uploads\/2020\/08\/carta_papa.jpg","_links":{"self":[{"href":"https:\/\/www.fundacionhogarsanjuan.org\/index.php?rest_route=\/wp\/v2\/posts\/213","targetHints":{"allow":["GET"]}}],"collection":[{"href":"https:\/\/www.fundacionhogarsanjuan.org\/index.php?rest_route=\/wp\/v2\/posts"}],"about":[{"href":"https:\/\/www.fundacionhogarsanjuan.org\/index.php?rest_route=\/wp\/v2\/types\/post"}],"author":[{"embeddable":true,"href":"https:\/\/www.fundacionhogarsanjuan.org\/index.php?rest_route=\/wp\/v2\/users\/1"}],"replies":[{"embeddable":true,"href":"https:\/\/www.fundacionhogarsanjuan.org\/index.php?rest_route=%2Fwp%2Fv2%2Fcomments&post=213"}],"version-history":[{"count":4,"href":"https:\/\/www.fundacionhogarsanjuan.org\/index.php?rest_route=\/wp\/v2\/posts\/213\/revisions"}],"predecessor-version":[{"id":219,"href":"https:\/\/www.fundacionhogarsanjuan.org\/index.php?rest_route=\/wp\/v2\/posts\/213\/revisions\/219"}],"wp:featuredmedia":[{"embeddable":true,"href":"https:\/\/www.fundacionhogarsanjuan.org\/index.php?rest_route=\/wp\/v2\/media\/545"}],"wp:attachment":[{"href":"https:\/\/www.fundacionhogarsanjuan.org\/index.php?rest_route=%2Fwp%2Fv2%2Fmedia&parent=213"}],"wp:term":[{"taxonomy":"category","embeddable":true,"href":"https:\/\/www.fundacionhogarsanjuan.org\/index.php?rest_route=%2Fwp%2Fv2%2Fcategories&post=213"},{"taxonomy":"post_tag","embeddable":true,"href":"https:\/\/www.fundacionhogarsanjuan.org\/index.php?rest_route=%2Fwp%2Fv2%2Ftags&post=213"}],"curies":[{"name":"wp","href":"https:\/\/api.w.org\/{rel}","templated":true}]}}